{"id":16878,"date":"2023-07-14T15:57:58","date_gmt":"2023-07-14T21:57:58","guid":{"rendered":"https:\/\/investguatemala.com\/?p=16878"},"modified":"2023-07-27T09:54:58","modified_gmt":"2023-07-27T15:54:58","slug":"guatemala-moving-forward-solidifies-its-position-as-central-americas-development-engine","status":"publish","type":"post","link":"https:\/\/investguatemala.com\/es\/2023\/07\/14\/guatemala-moving-forward-solidifies-its-position-as-central-americas-development-engine\/","title":{"rendered":"\u201cGuatemala No Se Detiene\u201d se consolida como el motor de desarrollo en Centroam\u00e9rica"},"content":{"rendered":"<div style=\"margin-top: 0px; margin-bottom: 0px;\" class=\"sharethis-inline-share-buttons\" ><\/div>\t\t<div data-elementor-type=\"wp-post\" data-elementor-id=\"16878\" class=\"elementor elementor-16878\" data-elementor-post-type=\"post\">\n\t\t\t\t\t\t<section class=\"wavo-column-gap-default has_ae_slider elementor-section elementor-top-section elementor-element elementor-element-f5bbea0 elementor-section-boxed elementor-section-height-default elementor-section-height-default ae-bg-gallery-type-default\" data-particle_enable=\"false\" data-particle-mobile-disabled=\"false\" data-id=\"f5bbea0\" data-element_type=\"section\" data-e-type=\"section\">\n\t\t\t\t\t\t<div class=\"elementor-container elementor-column-gap-default\">\n\t\t\t\t\t<div class=\"has_ae_slider elementor-column elementor-col-100 elementor-top-column elementor-element elementor-element-fc05d92 ae-bg-gallery-type-default\" data-id=\"fc05d92\" data-element_type=\"column\" data-e-type=\"column\">\n\t\t\t<div class=\"elementor-widget-wrap elementor-element-populated\">\n\t\t\t\t\t\t<div class=\"elementor-element elementor-element-9e13183 elementor-widget elementor-widget-author-box\" data-id=\"9e13183\" data-element_type=\"widget\" data-e-type=\"widget\" data-widget_type=\"author-box.default\">\n\t\t\t\t<div class=\"elementor-widget-container\">\n\t\t\t\t\t\t\t<div class=\"elementor-author-box\">\n\t\t\t\t\t\t\t<div  class=\"elementor-author-box__avatar\">\n\t\t\t\t\t<img decoding=\"async\" src=\"https:\/\/investguatemala.com\/wp-content\/uploads\/2022\/10\/wm-01-300x300.png\" alt=\"Picture of Wendy Mena\" loading=\"lazy\" title=\"\">\n\t\t\t\t<\/div>\n\t\t\t\n\t\t\t<div class=\"elementor-author-box__text\">\n\t\t\t\t\t\t\t\t\t<div >\n\t\t\t\t\t\t<h4 class=\"elementor-author-box__name\">\n\t\t\t\t\t\t\tWendy Mena\t\t\t\t\t\t<\/h4>\n\t\t\t\t\t<\/div>\n\t\t\t\t\n\t\t\t\t\t\t\t\t\t<div class=\"elementor-author-box__bio\">\n\t\t\t\t\t\t<p>Coordinadora<\/p>\n\t\t\t\t\t<\/div>\n\t\t\t\t\n\t\t\t\t\t\t\t<\/div>\n\t\t<\/div>\n\t\t\t\t\t\t<\/div>\n\t\t\t\t<\/div>\n\t\t\t\t\t<\/div>\n\t\t<\/div>\n\t\t\t\t\t<\/div>\n\t\t<\/section>\n\t\t\t\t<section class=\"wavo-column-gap-default has_ae_slider elementor-section elementor-top-section elementor-element elementor-element-28db955 elementor-section-boxed elementor-section-height-default elementor-section-height-default ae-bg-gallery-type-default\" data-particle_enable=\"false\" data-particle-mobile-disabled=\"false\" data-id=\"28db955\" data-element_type=\"section\" data-e-type=\"section\">\n\t\t\t\t\t\t<div class=\"elementor-container elementor-column-gap-default\">\n\t\t\t\t\t<div class=\"has_ae_slider elementor-column elementor-col-100 elementor-top-column elementor-element elementor-element-1d4803e ae-bg-gallery-type-default\" data-id=\"1d4803e\" data-element_type=\"column\" data-e-type=\"column\">\n\t\t\t<div class=\"elementor-widget-wrap elementor-element-populated\">\n\t\t\t\t\t\t<div class=\"elementor-element elementor-element-7167801 elementor-widget elementor-widget-text-editor\" data-id=\"7167801\" data-element_type=\"widget\" data-e-type=\"widget\" data-widget_type=\"text-editor.default\">\n\t\t\t\t<div class=\"elementor-widget-container\">\n\t\t\t\t\t\t\t\t\t<p><a href=\"https:\/\/guatemalanosedetiene.gt\/en\/\" target=\"_blank\" rel=\"noopener\">Guatemala No Se Detiene<\/a> contin\u00faa consolid\u00e1ndose como la fuerza para impulsar un crecimiento econ\u00f3mico inclusivo que fortalezca el contrato social y transforme la calidad de vida de las personas.<\/p><p>\u00a0<\/p><p>Este esfuerzo naci\u00f3 del sector privado que est\u00e1 invirtiendo en una estrategia de largo plazo, la cual tiene el apoyo del Gobierno de Guatemala y la Municipalidad de Guatemala.<\/p><p>\u00a0<\/p><p>En 2022 se sumaron en esta iniciativa  universidades, centros de investigaci\u00f3n, sociedad civil y banca multilateral, que en conjunto han aportado a que Guatemala No Se Detiene tenga avances importantes en sus cinco pilares de trabajo:<\/p>\t\t\t\t\t\t\t\t<\/div>\n\t\t\t\t<\/div>\n\t\t\t\t\t<\/div>\n\t\t<\/div>\n\t\t\t\t\t<\/div>\n\t\t<\/section>\n\t\t\t\t<section class=\"wavo-column-gap-default has_ae_slider elementor-section elementor-top-section elementor-element elementor-element-66162da elementor-section-boxed elementor-section-height-default elementor-section-height-default ae-bg-gallery-type-default\" data-particle_enable=\"false\" data-particle-mobile-disabled=\"false\" data-id=\"66162da\" data-element_type=\"section\" data-e-type=\"section\">\n\t\t\t\t\t\t<div class=\"elementor-container elementor-column-gap-default\">\n\t\t\t\t\t<div class=\"has_ae_slider elementor-column elementor-col-100 elementor-top-column elementor-element elementor-element-0845f17 ae-bg-gallery-type-default\" data-id=\"0845f17\" data-element_type=\"column\" data-e-type=\"column\">\n\t\t\t<div class=\"elementor-widget-wrap\">\n\t\t\t\t\t\t\t<\/div>\n\t\t<\/div>\n\t\t\t\t\t<\/div>\n\t\t<\/section>\n\t\t\t\t<section class=\"wavo-column-gap-default has_ae_slider elementor-section elementor-top-section elementor-element elementor-element-8e98f5d elementor-section-boxed elementor-section-height-default elementor-section-height-default ae-bg-gallery-type-default\" data-particle_enable=\"false\" data-particle-mobile-disabled=\"false\" data-id=\"8e98f5d\" data-element_type=\"section\" data-e-type=\"section\">\n\t\t\t\t\t\t<div class=\"elementor-container elementor-column-gap-default\">\n\t\t\t\t\t<div class=\"has_ae_slider elementor-column elementor-col-100 elementor-top-column elementor-element elementor-element-01a0883 ae-bg-gallery-type-default\" data-id=\"01a0883\" data-element_type=\"column\" data-e-type=\"column\">\n\t\t\t<div class=\"elementor-widget-wrap elementor-element-populated\">\n\t\t\t\t\t\t<div class=\"elementor-element elementor-element-c6dc044 elementor-headline--style-highlight elementor-widget elementor-widget-animated-headline\" data-id=\"c6dc044\" data-element_type=\"widget\" data-e-type=\"widget\" data-settings=\"{&quot;marker&quot;:&quot;underline&quot;,&quot;highlighted_text&quot;:&quot;Guatemala Moving Forward&quot;,&quot;headline_style&quot;:&quot;highlight&quot;,&quot;loop&quot;:&quot;yes&quot;,&quot;highlight_animation_duration&quot;:1200,&quot;highlight_iteration_delay&quot;:8000}\" data-widget_type=\"animated-headline.default\">\n\t\t\t\t<div class=\"elementor-widget-container\">\n\t\t\t\t\t\t\t<h3 class=\"elementor-headline\">\n\t\t\t\t<span class=\"elementor-headline-dynamic-wrapper elementor-headline-text-wrapper\">\n\t\t\t\t\t<span class=\"elementor-headline-dynamic-text elementor-headline-text-active\">Guatemala No Se Detiene<\/span>\n\t\t\t\t<\/span>\n\t\t\t\t\t<span class=\"elementor-headline-plain-text elementor-headline-text-wrapper\">es un proyecto de pa\u00eds para alcanzar metas de atracci\u00f3n de inversi\u00f3n extranjera y generar 2.5 millones de empleos. Es un esfuerzo conjunto en el que participan diversas instituciones del  Estado, sector privado, autoridades locales y cooperaci\u00f3n internacional. Ha sido clave para que el pa\u00eds se consolide como el motor de Centroam\u00e9rica y el destino ideal en la regi\u00f3n para el nearshoring.<\/span>\n\t\t\t\t\t<\/h3>\n\t\t\t\t\t\t<\/div>\n\t\t\t\t<\/div>\n\t\t\t\t<div class=\"elementor-element elementor-element-aadbdbb elementor-widget elementor-widget-html\" data-id=\"aadbdbb\" data-element_type=\"widget\" data-e-type=\"widget\" data-widget_type=\"html.default\">\n\t\t\t\t<div class=\"elementor-widget-container\">\n\t\t\t\t\t<div style=\"position:relative;padding-top:max(60%,326px);height:0;width:100%\"><iframe allow=\"clipboard-write\" sandbox=\"allow-top-navigation allow-top-navigation-by-user-activation allow-downloads allow-scripts allow-same-origin allow-popups allow-modals allow-popups-to-escape-sandbox allow-forms\" allowfullscreen=\"true\" style=\"position:absolute;border:none;width:100%;height:100%;left:0;right:0;top:0;bottom:0;\" src=\"https:\/\/e.issuu.com\/embed.html?d=data_2023_presidencia_de_agexport_af_kd&hideIssuuLogo=true&pageNumber=8&u=agexport\"><\/iframe><\/div>\t\t\t\t<\/div>\n\t\t\t\t<\/div>\n\t\t\t\t\t<\/div>\n\t\t<\/div>\n\t\t\t\t\t<\/div>\n\t\t<\/section>\n\t\t\t\t<\/div>","protected":false},"excerpt":{"rendered":"<p>Guatemala Moving Forward maintains its role as the driving force behind inclusive economic growth that enhances the social contract and improves people&#8217;s quality of life. \u00a0 This initiative arose from the private sector, which is investing in a long-term plan with the backing of the Government of Guatemala and the Municipality of Guatemala. \u00a0 In&#8230;<\/p>","protected":false},"author":1,"featured_media":16900,"comment_status":"open","ping_status":"open","sticky":false,"template":"","format":"standard","meta":{"_joinchat":[],"footnotes":""},"categories":[1],"tags":[],"class_list":{"0":"post-16878","1":"post","2":"type-post","3":"status-publish","4":"format-standard","5":"has-post-thumbnail","6":"hentry","7":"category-news","8":"nt-post-class","9":"","12":"excerpt-none"},"_links":{"self":[{"href":"https:\/\/investguatemala.com\/es\/wp-json\/wp\/v2\/posts\/16878","targetHints":{"allow":["GET"]}}],"collection":[{"href":"https:\/\/investguatemala.com\/es\/wp-json\/wp\/v2\/posts"}],"about":[{"href":"https:\/\/investguatemala.com\/es\/wp-json\/wp\/v2\/types\/post"}],"author":[{"embeddable":true,"href":"https:\/\/investguatemala.com\/es\/wp-json\/wp\/v2\/users\/1"}],"replies":[{"embeddable":true,"href":"https:\/\/investguatemala.com\/es\/wp-json\/wp\/v2\/comments?post=16878"}],"version-history":[{"count":37,"href":"https:\/\/investguatemala.com\/es\/wp-json\/wp\/v2\/posts\/16878\/revisions"}],"predecessor-version":[{"id":16987,"href":"https:\/\/investguatemala.com\/es\/wp-json\/wp\/v2\/posts\/16878\/revisions\/16987"}],"wp:featuredmedia":[{"embeddable":true,"href":"https:\/\/investguatemala.com\/es\/wp-json\/wp\/v2\/media\/16900"}],"wp:attachment":[{"href":"https:\/\/investguatemala.com\/es\/wp-json\/wp\/v2\/media?parent=16878"}],"wp:term":[{"taxonomy":"category","embeddable":true,"href":"https:\/\/investguatemala.com\/es\/wp-json\/wp\/v2\/categories?post=16878"},{"taxonomy":"post_tag","embeddable":true,"href":"https:\/\/investguatemala.com\/es\/wp-json\/wp\/v2\/tags?post=16878"}],"curies":[{"name":"wp","href":"https:\/\/api.w.org\/{rel}","templated":true}]}}